{"id":4740,"date":"2025-05-31T22:22:01","date_gmt":"2025-05-31T20:22:01","guid":{"rendered":"https:\/\/www.lachapelle.eu\/boutique\/?p=4740"},"modified":"2025-05-31T22:23:35","modified_gmt":"2025-05-31T20:23:35","slug":"%e2%98%80%ef%b8%8f-location-de-chambre-meublee","status":"publish","type":"post","link":"https:\/\/www.lachapelle.eu\/boutique\/%e2%98%80%ef%b8%8f-location-de-chambre-meublee\/","title":{"rendered":"\u2600\ufe0f Location de chambre meubl\u00e9e !"},"content":{"rendered":"\n<p class=\"has-text-align-center\" style=\"font-size:25px\"><\/p>\n\n\n\n<figure class=\"wp-block-gallery has-nested-images columns-4 is-cropped wp-block-gallery-1 is-layout-flex wp-block-gallery-is-layout-flex\">\n<figure class=\"wp-block-image size-thumbnail\"><img loading=\"lazy\" decoding=\"async\" width=\"150\" height=\"150\" data-id=\"70\" src=\"https:\/\/www.lachapelle.eu\/boutique\/wp-content\/uploads\/2023\/08\/IMG_20211216_142527-150x150.jpg\" alt=\"\" class=\"wp-image-70\"\/><\/figure>\n\n\n\n<figure class=\"wp-block-image size-thumbnail\"><img loading=\"lazy\" decoding=\"async\" width=\"150\" height=\"150\" data-id=\"480\" src=\"https:\/\/www.lachapelle.eu\/boutique\/wp-content\/uploads\/2022\/09\/IMG_20220403_130443-150x150.jpg\" alt=\"\" class=\"wp-image-480\"\/><\/figure>\n\n\n\n<figure class=\"wp-block-image size-thumbnail\"><img loading=\"lazy\" decoding=\"async\" width=\"150\" height=\"150\" data-id=\"73\" src=\"https:\/\/www.lachapelle.eu\/boutique\/wp-content\/uploads\/2023\/08\/IMG_20211216_142707-150x150.jpg\" alt=\"\" class=\"wp-image-73\"\/><\/figure>\n\n\n\n<figure class=\"wp-block-image size-thumbnail\"><img loading=\"lazy\" decoding=\"async\" width=\"150\" height=\"150\" data-id=\"477\" src=\"https:\/\/www.lachapelle.eu\/boutique\/wp-content\/uploads\/2022\/09\/IMG_20220403_130150-150x150.jpg\" alt=\"\" class=\"wp-image-477\"\/><\/figure>\n<\/figure>\n\n\n\n<p style=\"font-size:16px\">Chambre priv\u00e9e dans : g\u00eete \u00e0 la ferme ! 2 voyageurs \u00b7 1 chambre \u00b7 1 lit \u00b7 1 salle de bain priv\u00e9e Chambre pr\u00e8s de La Chapelle, dans une ancienne ferme r\u00e9nov\u00e9e, \u00e0 Gausson ! Calme &amp; tranquillit\u00e9. Par beau temps, possibilit\u00e9 de manger \u00e0 l\u2019ext\u00e9rieur. Petite \u00e9picerie (\u00e9galement boulangerie, bar &amp; caf\u00e9) au bourg \u00e0 1.5 km. Si une petite balade \u00e0 v\u00e9lo vous tente, nous vous pr\u00eatons volontiers les n\u00f4tres.<\/p>\n\n\n<div class=\"mphb_sc_availability_calendar-wrapper\">\t<div class=\"mphb-calendar mphb-datepick inlinePicker \" data-room-type-id=\"318\" data-monthstoshow=\"1,6\" data-is_show_prices=\"1\" data-is_truncate_prices=\"1\" data-is_show_prices_currency=\"1\" data-first_available_check_in_date=\"2026-04-30\"><\/div>\n\t<\/div>\n\n\n<div class=\"wp-block-buttons is-content-justification-center is-layout-flex wp-container-core-buttons-is-layout-16018d1d wp-block-buttons-is-layout-flex\">\n<div class=\"wp-block-button has-custom-width wp-block-button__width-75\"><a class=\"wp-block-button__link has-black-color has-text-color has-background has-link-color has-custom-font-size wp-element-button\" href=\"https:\/\/www.lachapelle.eu\/boutique\/accommodation\/chambre-double-avec-salle-de-bain\/\" style=\"border-radius:100px;background:linear-gradient(135deg,rgb(202,248,128) 8%,rgb(113,206,126) 45%);font-size:15px\"><strong>R\u00e9server la Chambre<\/strong><\/a><\/div>\n<\/div>\n\n\n\n<figure class=\"wp-block-image size-full is-resized\"><img loading=\"lazy\" decoding=\"async\" width=\"265\" height=\"220\" src=\"https:\/\/www.lachapelle.eu\/boutique\/wp-content\/uploads\/2025\/02\/logo_n1.png\" alt=\"\" class=\"wp-image-3846\" style=\"width:142px;height:auto\" srcset=\"https:\/\/www.lachapelle.eu\/boutique\/wp-content\/uploads\/2025\/02\/logo_n1.png 265w, https:\/\/www.lachapelle.eu\/boutique\/wp-content\/uploads\/2025\/02\/logo_n1-72x60.png 72w\" sizes=\"auto, (max-width: 265px) 100vw, 265px\" \/><\/figure>\n","protected":false},"excerpt":{"rendered":"<p>Chambre priv\u00e9e dans : g\u00eete \u00e0 la ferme ! 2 voyageurs \u00b7 1 chambre \u00b7 1 lit \u00b7 1 salle de bain priv\u00e9e Chambre pr\u00e8s de La Chapelle, dans une &hellip; <\/p>\n","protected":false},"author":1,"featured_media":628,"comment_status":"open","ping_status":"open","sticky":false,"template":"","format":"standard","meta":{"content-type":"","_jetpack_memberships_contains_paid_content":false,"footnotes":""},"categories":[35],"tags":[49],"class_list":["post-4740","post","type-post","status-publish","format-standard","has-post-thumbnail","hentry","category-location-saisonniere","tag-location","latest_post"],"jetpack_featured_media_url":"https:\/\/www.lachapelle.eu\/boutique\/wp-content\/uploads\/2023\/09\/IMG_20210716_142548-scaled-e1748722828487.jpg","jetpack_sharing_enabled":true,"_links":{"self":[{"href":"https:\/\/www.lachapelle.eu\/boutique\/wp-json\/wp\/v2\/posts\/4740","targetHints":{"allow":["GET"]}}],"collection":[{"href":"https:\/\/www.lachapelle.eu\/boutique\/wp-json\/wp\/v2\/posts"}],"about":[{"href":"https:\/\/www.lachapelle.eu\/boutique\/wp-json\/wp\/v2\/types\/post"}],"author":[{"embeddable":true,"href":"https:\/\/www.lachapelle.eu\/boutique\/wp-json\/wp\/v2\/users\/1"}],"replies":[{"embeddable":true,"href":"https:\/\/www.lachapelle.eu\/boutique\/wp-json\/wp\/v2\/comments?post=4740"}],"version-history":[{"count":1,"href":"https:\/\/www.lachapelle.eu\/boutique\/wp-json\/wp\/v2\/posts\/4740\/revisions"}],"predecessor-version":[{"id":4741,"href":"https:\/\/www.lachapelle.eu\/boutique\/wp-json\/wp\/v2\/posts\/4740\/revisions\/4741"}],"wp:featuredmedia":[{"embeddable":true,"href":"https:\/\/www.lachapelle.eu\/boutique\/wp-json\/wp\/v2\/media\/628"}],"wp:attachment":[{"href":"https:\/\/www.lachapelle.eu\/boutique\/wp-json\/wp\/v2\/media?parent=4740"}],"wp:term":[{"taxonomy":"category","embeddable":true,"href":"https:\/\/www.lachapelle.eu\/boutique\/wp-json\/wp\/v2\/categories?post=4740"},{"taxonomy":"post_tag","embeddable":true,"href":"https:\/\/www.lachapelle.eu\/boutique\/wp-json\/wp\/v2\/tags?post=4740"}],"curies":[{"name":"wp","href":"https:\/\/api.w.org\/{rel}","templated":true}]}}