{"id":313,"date":"2023-09-21T00:22:19","date_gmt":"2023-09-20T22:22:19","guid":{"rendered":"https:\/\/www.lachapelle.eu\/boutique\/?p=313"},"modified":"2024-09-10T14:59:11","modified_gmt":"2024-09-10T12:59:11","slug":"location-dun-studio-meublee-chez-lhabitant-dans-les-cotes-darmor","status":"publish","type":"post","link":"https:\/\/www.lachapelle.eu\/boutique\/location-dun-studio-meublee-chez-lhabitant-dans-les-cotes-darmor\/","title":{"rendered":"Location d\u2019un studio meubl\u00e9e chez l\u2019habitant \u00e0 Gausson !"},"content":{"rendered":"\n<figure class=\"wp-block-gallery has-nested-images columns-default is-cropped wp-block-gallery-1 is-layout-flex wp-block-gallery-is-layout-flex\">\n<figure class=\"wp-block-image size-large is-style-rounded\"><img decoding=\"async\" data-id=\"69\" src=\"https:\/\/www.lachapelle.eu\/boutique\/wp-content\/uploads\/2023\/08\/IMG_20220730_165959-766x1024.jpg\" alt=\"\" class=\"wp-image-69\"\/><\/figure>\n\n\n\n<figure class=\"wp-block-image size-large\"><img decoding=\"async\" data-id=\"71\" src=\"https:\/\/www.lachapelle.eu\/boutique\/wp-content\/uploads\/2023\/08\/IMG_20220801_171746-766x1024.jpg\" alt=\"\" class=\"wp-image-71\"\/><\/figure>\n\n\n\n<figure class=\"wp-block-image size-large\"><img decoding=\"async\" data-id=\"68\" src=\"https:\/\/www.lachapelle.eu\/boutique\/wp-content\/uploads\/2023\/08\/IMG_20221226_160906-766x1024.jpg\" alt=\"\" class=\"wp-image-68\"\/><\/figure>\n\n\n\n<figure class=\"wp-block-image size-large is-style-rounded\"><img decoding=\"async\" data-id=\"70\" src=\"https:\/\/www.lachapelle.eu\/boutique\/wp-content\/uploads\/2023\/08\/IMG_20221226_162430-1024x766.jpg\" alt=\"\" class=\"wp-image-70\"\/><\/figure>\n<\/figure>\n\n\n\n<p>Studio calme &amp; tranquille au 1er \u00e9tage d\u2019une ancienne ferme. La pi\u00e8ce de vie contient un coin repos &amp; coin repas ; sa vue donne sur la Chapelle. La kitchenette comprend un micro ondes, un frigo, une plaque induction, un lave-vaisselle et une machine \u00e0 caf\u00e9. Vous pouvez \u00e9galement disposer d\u2019une machine \u00e0 laver au rez-de-chauss\u00e9e. Nous sommes situ\u00e9s \u00e0 1.5 km du bourg de Gausson ! \u2600\ufe0f\u2600\ufe0f\u2600\ufe0f<\/p>\n\n\n<div class=\"mphb_sc_booking_form-wrapper is-direct-booking is-style-horizontal-form\">\t<form method=\"GET\" action=\"https:\/\/www.lachapelle.eu\/boutique\/resultats-de-la-recherche\/\" class=\"mphb-booking-form \" id=\"booking-form-322\" data-first_available_check_in_date=\"2026-04-30\">\n\n\t\t<p class=\"mphb-required-fields-tip\"><small>Les champs obligatoires sont suivis de <abbr title=\"required\">*<\/abbr><\/small><\/p>\n\t\t<input type=\"hidden\" id=\"mphb-checkout-nonce\" name=\"mphb-checkout-nonce\" value=\"cd639388b1\" \/><input type=\"hidden\" name=\"_wp_http_referer\" value=\"\/boutique\/wp-json\/wp\/v2\/posts\/313\" \/>\t\t\t\t<input type=\"hidden\" name=\"mphb_room_type_id\" value=\"322\" \/>\n\t\t<p class=\"mphb-check-in-date-wrapper\">\n\t\t\t<label for=\"mphb_check_in_date-69f24b3524bcb\">\n\t\t\t\tDate d&#039;arriv\u00e9e\t\t\t\t<abbr title=\"Format\u00e9 comme dd\/mm\/yyyy\">*<\/abbr>\n\t\t\t<\/label>\n\t\t\t<br \/>\n\t\t\t<input id=\"mphb_check_in_date-69f24b3524bcb\" type=\"text\" class=\"mphb-datepick\" value=\"\" required=\"required\" autocomplete=\"off\" placeholder=\"Date d&#039;arriv\u00e9e\" inputmode=\"none\" \/>\n\t\t\t<input id=\"mphb_check_in_date-69f24b3524bcb-hidden\" type=\"hidden\" name=\"mphb_check_in_date\" value=\"\" \/>\n\t\t<\/p>\n\t\t<p class=\"mphb-check-out-date-wrapper\">\n\t\t\t<label for=\"mphb_check_out_date-69f24b3524bcb\">\n\t\t\t\tDate de d\u00e9part\t\t\t\t<abbr title=\"Format\u00e9 comme dd\/mm\/yyyy\">*<\/abbr>\n\t\t\t<\/label>\n\t\t\t<br \/>\n\t\t\t<input id=\"mphb_check_out_date-69f24b3524bcb\" type=\"text\" class=\"mphb-datepick\" value=\"\" required=\"required\" autocomplete=\"off\" placeholder=\"Date de d\u00e9part\" inputmode=\"none\" \/>\n\t\t\t<input id=\"mphb_check_out_date-69f24b3524bcb-hidden\" type=\"hidden\" name=\"mphb_check_out_date\" value=\"\" \/>\n\t\t<\/p>\n\t\t\n\t\t\t\n\t\t\t\t<input type=\"hidden\" id=\"mphb_adults-69f24b3524bcb\" name=\"mphb_adults\" value=\"1\" \/>\n\t\t\t\n\t\t\t\n\t\t\t\n\t\t\t\t<input type=\"hidden\" id=\"mphb_children-69f24b3524bcb\" name=\"mphb_children\" value=\"0\" \/>\n\n\t\t\t\t\t\t\t\n\t\t<div class=\"mphb-errors-wrapper mphb-hide\"><\/div>\n\t\t<p class=\"mphb-reserve-btn-wrapper\">\n\t\t\t<input class=\"mphb-reserve-btn button\" type=\"submit\" value=\"V\u00e9rifier la disponibilit\u00e9\" \/>\n\t\t<\/p>\n\t<\/form>\n\t<\/div>\n\n<style>#wprev-slider-1 .wprev_showdate_T1 {display: none;}#wprev-slider-1 .wprev_preview_bradius_T1 {border-radius: 0px;}#wprev-slider-1 .wprev_preview_bg1_T1::after{ border-top: 30px solid ; }<\/style><div class=\"wprev-slider\" id=\"wprev-slider-1\"><ul><li>\t\t<div class=\"wpairbnb_t1_outer_div w3_wprs-row-padding\">\r\n\t\t\t\t<div class=\"wpairbnb_t1_DIV_1 w3_wprs-col l4\">\r\n\t\t\t<div class=\"wpairbnb_t1_DIV_2 wprev_preview_bg1_T1 wprev_preview_bradius_T1\">\r\n\t\t\t\t<p class=\"wpairbnb_t1_P_3 wprev_preview_tcolor1_T1\">\r\n\t\t\t\t\t<span class=\"wpairbnb_star_imgs_T1\"><img decoding=\"async\" src=\"https:\/\/www.lachapelle.eu\/boutique\/wp-content\/plugins\/wp-airbnb-review-slider\/public\/partials\/imgs\/stars_5_yellow.png\" alt=\"\" class=\"wpairbnb_t1_star_img_file\">&nbsp;&nbsp;<\/span>Vous cherchez un endroit paisible, typique\u2026 alors chez Colette !\t\t\t\t<\/p>\r\n\t\t\t\t<a href=\"https:\/\/www.airbnb.fr\/rooms\/797901234829540892\" target=\"_blank\" rel=\"nofollow\"><img decoding=\"async\" src=\"https:\/\/www.lachapelle.eu\/boutique\/wp-content\/plugins\/wp-airbnb-review-slider\/public\/partials\/imgs\/airbnb_outline.png\" alt=\"\" class=\"wpairbnb_t1_airbnb_logo\"><\/a>\t\t\t<\/div><span class=\"wpairbnb_t1_A_8\"><img decoding=\"async\" src=\"https:\/\/a0.muscache.com\/defaults\/user_pic-225x225.png?v=3\" alt=\"thumb\" class=\"wpairbnb_t1_IMG_4\" loading=\"lazy\" \/><\/span> <span class=\"wpairbnb_t1_SPAN_5 wprev_preview_tcolor2_T1\">Nicolas<br\/><span class=\"wprev_showdate_T1\">6\/15\/2025<\/span> <\/span>\r\n\t\t<\/div>\r\n\t\t\t<div class=\"wpairbnb_t1_DIV_1 w3_wprs-col l4\">\r\n\t\t\t<div class=\"wpairbnb_t1_DIV_2 wprev_preview_bg1_T1 wprev_preview_bradius_T1\">\r\n\t\t\t\t<p class=\"wpairbnb_t1_P_3 wprev_preview_tcolor1_T1\">\r\n\t\t\t\t\t<span class=\"wpairbnb_star_imgs_T1\"><img decoding=\"async\" src=\"https:\/\/www.lachapelle.eu\/boutique\/wp-content\/plugins\/wp-airbnb-review-slider\/public\/partials\/imgs\/stars_5_yellow.png\" alt=\"\" class=\"wpairbnb_t1_star_img_file\">&nbsp;&nbsp;<\/span>tr\u00e8s bon accueil chaleureux de Colette.<br \/>\nc'\u00e9tait au top. on recommande.<br \/>\npetit village \u00e0 visiter.\t\t\t\t<\/p>\r\n\t\t\t\t<a href=\"https:\/\/www.airbnb.fr\/rooms\/797901234829540892\" target=\"_blank\" rel=\"nofollow\"><img decoding=\"async\" src=\"https:\/\/www.lachapelle.eu\/boutique\/wp-content\/plugins\/wp-airbnb-review-slider\/public\/partials\/imgs\/airbnb_outline.png\" alt=\"\" class=\"wpairbnb_t1_airbnb_logo\"><\/a>\t\t\t<\/div><span class=\"wpairbnb_t1_A_8\"><img decoding=\"async\" src=\"https:\/\/a0.muscache.com\/im\/pictures\/user\/648b9a43-2d53-48a1-9ca1-002dbf26a5d0.jpg?aki_policy=profile_x_medium\" alt=\"thumb\" class=\"wpairbnb_t1_IMG_4\" loading=\"lazy\" \/><\/span> <span class=\"wpairbnb_t1_SPAN_5 wprev_preview_tcolor2_T1\">Marc<br\/><span class=\"wprev_showdate_T1\">6\/14\/2025<\/span> <\/span>\r\n\t\t<\/div>\r\n\t\t\t<div class=\"wpairbnb_t1_DIV_1 w3_wprs-col l4\">\r\n\t\t\t<div class=\"wpairbnb_t1_DIV_2 wprev_preview_bg1_T1 wprev_preview_bradius_T1\">\r\n\t\t\t\t<p class=\"wpairbnb_t1_P_3 wprev_preview_tcolor1_T1\">\r\n\t\t\t\t\t<span class=\"wpairbnb_star_imgs_T1\"><img decoding=\"async\" src=\"https:\/\/www.lachapelle.eu\/boutique\/wp-content\/plugins\/wp-airbnb-review-slider\/public\/partials\/imgs\/stars_5_yellow.png\" alt=\"\" class=\"wpairbnb_t1_star_img_file\">&nbsp;&nbsp;<\/span>Colette est accueillante et flexible. <br \/>\nLe studio est pratique et propre.\t\t\t\t<\/p>\r\n\t\t\t\t<a href=\"https:\/\/www.airbnb.fr\/rooms\/797901234829540892\" target=\"_blank\" rel=\"nofollow\"><img decoding=\"async\" src=\"https:\/\/www.lachapelle.eu\/boutique\/wp-content\/plugins\/wp-airbnb-review-slider\/public\/partials\/imgs\/airbnb_outline.png\" alt=\"\" class=\"wpairbnb_t1_airbnb_logo\"><\/a>\t\t\t<\/div><span class=\"wpairbnb_t1_A_8\"><img decoding=\"async\" src=\"https:\/\/a0.muscache.com\/im\/pictures\/user\/User\/original\/52d4bcd0-0dd4-4579-b5a4-6fb10df048d6.jpeg?aki_policy=profile_x_medium\" alt=\"thumb\" class=\"wpairbnb_t1_IMG_4\" loading=\"lazy\" \/><\/span> <span class=\"wpairbnb_t1_SPAN_5 wprev_preview_tcolor2_T1\">Jean-Christophe<br\/><span class=\"wprev_showdate_T1\">6\/08\/2025<\/span> <\/span>\r\n\t\t<\/div>\r\n\t\t<\/div>\r\n\t\t<div class=\"wpairbnb_t1_outer_div w3_wprs-row-padding\">\r\n\t\t\t\t<div class=\"wpairbnb_t1_DIV_1 w3_wprs-col l4\">\r\n\t\t\t<div class=\"wpairbnb_t1_DIV_2 wprev_preview_bg1_T1 wprev_preview_bradius_T1\">\r\n\t\t\t\t<p class=\"wpairbnb_t1_P_3 wprev_preview_tcolor1_T1\">\r\n\t\t\t\t\t<span class=\"wpairbnb_star_imgs_T1\"><img decoding=\"async\" src=\"https:\/\/www.lachapelle.eu\/boutique\/wp-content\/plugins\/wp-airbnb-review-slider\/public\/partials\/imgs\/stars_5_yellow.png\" alt=\"\" class=\"wpairbnb_t1_star_img_file\">&nbsp;&nbsp;<\/span>Super logement. <br \/>\nColette vous accueil d\u00e8s votre arriv\u00e9e, elle est tr\u00e8s r\u00e9active par message et \u00e0 l'\u00e9coute si besoin. <br \/>\nC'est dans un petit hameau, l'endroit est charmant et<a class='wprs_rd_more'>... read more<\/a><span class='wprs_rd_more_text' style='display:none;'> reposant pour se couper du monde (mais il a quand m\u00eame Netflix \ud83d\ude06) <br \/>\nJe recommande vivement !<\/span>\t\t\t\t<\/p>\r\n\t\t\t\t<a href=\"https:\/\/www.airbnb.fr\/rooms\/797901234829540892\" target=\"_blank\" rel=\"nofollow\"><img decoding=\"async\" src=\"https:\/\/www.lachapelle.eu\/boutique\/wp-content\/plugins\/wp-airbnb-review-slider\/public\/partials\/imgs\/airbnb_outline.png\" alt=\"\" class=\"wpairbnb_t1_airbnb_logo\"><\/a>\t\t\t<\/div><span class=\"wpairbnb_t1_A_8\"><img decoding=\"async\" src=\"https:\/\/a0.muscache.com\/im\/pictures\/user\/cda05bd2-fbeb-4591-a41d-59e47f46f636.jpg?aki_policy=profile_x_medium\" alt=\"thumb\" class=\"wpairbnb_t1_IMG_4\" loading=\"lazy\" \/><\/span> <span class=\"wpairbnb_t1_SPAN_5 wprev_preview_tcolor2_T1\">Emma<br\/><span class=\"wprev_showdate_T1\">4\/24\/2025<\/span> <\/span>\r\n\t\t<\/div>\r\n\t\t\t<div class=\"wpairbnb_t1_DIV_1 w3_wprs-col l4\">\r\n\t\t\t<div class=\"wpairbnb_t1_DIV_2 wprev_preview_bg1_T1 wprev_preview_bradius_T1\">\r\n\t\t\t\t<p class=\"wpairbnb_t1_P_3 wprev_preview_tcolor1_T1\">\r\n\t\t\t\t\t<span class=\"wpairbnb_star_imgs_T1\"><img decoding=\"async\" src=\"https:\/\/www.lachapelle.eu\/boutique\/wp-content\/plugins\/wp-airbnb-review-slider\/public\/partials\/imgs\/stars_5_yellow.png\" alt=\"\" class=\"wpairbnb_t1_star_img_file\">&nbsp;&nbsp;<\/span>Notre week-end s\u2019est tr\u00e8s bien pass\u00e9 chez Colette !<br \/>\nLogement au calme avec une literie tr\u00e8s confortable.<br \/>\nVincent\t\t\t\t<\/p>\r\n\t\t\t\t<a href=\"https:\/\/www.airbnb.fr\/rooms\/797901234829540892\" target=\"_blank\" rel=\"nofollow\"><img decoding=\"async\" src=\"https:\/\/www.lachapelle.eu\/boutique\/wp-content\/plugins\/wp-airbnb-review-slider\/public\/partials\/imgs\/airbnb_outline.png\" alt=\"\" class=\"wpairbnb_t1_airbnb_logo\"><\/a>\t\t\t<\/div><span class=\"wpairbnb_t1_A_8\"><img decoding=\"async\" src=\"https:\/\/a0.muscache.com\/im\/pictures\/user\/6555a899-54fc-4519-afdb-a9572398df50.jpg?aki_policy=profile_x_medium\" alt=\"thumb\" class=\"wpairbnb_t1_IMG_4\" loading=\"lazy\" \/><\/span> <span class=\"wpairbnb_t1_SPAN_5 wprev_preview_tcolor2_T1\">Vincent<br\/><span class=\"wprev_showdate_T1\">4\/20\/2025<\/span> <\/span>\r\n\t\t<\/div>\r\n\t\t\t<div class=\"wpairbnb_t1_DIV_1 w3_wprs-col l4\">\r\n\t\t\t<div class=\"wpairbnb_t1_DIV_2 wprev_preview_bg1_T1 wprev_preview_bradius_T1\">\r\n\t\t\t\t<p class=\"wpairbnb_t1_P_3 wprev_preview_tcolor1_T1\">\r\n\t\t\t\t\t<span class=\"wpairbnb_star_imgs_T1\"><img decoding=\"async\" src=\"https:\/\/www.lachapelle.eu\/boutique\/wp-content\/plugins\/wp-airbnb-review-slider\/public\/partials\/imgs\/stars_5_yellow.png\" alt=\"\" class=\"wpairbnb_t1_star_img_file\">&nbsp;&nbsp;<\/span>vous cherchez du calme ?vous le trouverez chez Colette! une belle r\u00e9novation pour cet appartement au premier \u00e9tage beaucoup de lumi\u00e8re  et de beaux volumes .c es \"jeunes h\u00f4tes<a class='wprs_rd_more'>... read more<\/a><span class='wprs_rd_more_text' style='display:none;'> \" ont eu \u00e0 c\u0153ur de proposer un logement de qualit\u00e9 .<\/span>\t\t\t\t<\/p>\r\n\t\t\t\t<a href=\"https:\/\/www.airbnb.fr\/rooms\/797901234829540892\" target=\"_blank\" rel=\"nofollow\"><img decoding=\"async\" src=\"https:\/\/www.lachapelle.eu\/boutique\/wp-content\/plugins\/wp-airbnb-review-slider\/public\/partials\/imgs\/airbnb_outline.png\" alt=\"\" class=\"wpairbnb_t1_airbnb_logo\"><\/a>\t\t\t<\/div><span class=\"wpairbnb_t1_A_8\"><img decoding=\"async\" src=\"https:\/\/a0.muscache.com\/im\/pictures\/user\/User\/original\/4c910bdb-ace9-4867-a136-f36329e92ee9.jpeg?aki_policy=profile_x_medium\" alt=\"thumb\" class=\"wpairbnb_t1_IMG_4\" loading=\"lazy\" \/><\/span> <span class=\"wpairbnb_t1_SPAN_5 wprev_preview_tcolor2_T1\">Maryline<br\/><span class=\"wprev_showdate_T1\">8\/25\/2024<\/span> <\/span>\r\n\t\t<\/div>\r\n\t\t<\/div>\r\n<!-- This file should primarily consist of HTML with a little bit of PHP. -->\r\n<\/li><li style=\"display:none;\">\t\t<div class=\"wpairbnb_t1_outer_div w3_wprs-row-padding\">\r\n\t\t\t\t<div class=\"wpairbnb_t1_DIV_1 w3_wprs-col l4\">\r\n\t\t\t<div class=\"wpairbnb_t1_DIV_2 wprev_preview_bg1_T1 wprev_preview_bradius_T1\">\r\n\t\t\t\t<p class=\"wpairbnb_t1_P_3 wprev_preview_tcolor1_T1\">\r\n\t\t\t\t\t<span class=\"wpairbnb_star_imgs_T1\"><img decoding=\"async\" src=\"https:\/\/www.lachapelle.eu\/boutique\/wp-content\/plugins\/wp-airbnb-review-slider\/public\/partials\/imgs\/stars_5_yellow.png\" alt=\"\" class=\"wpairbnb_t1_star_img_file\">&nbsp;&nbsp;<\/span>tr\u00e8s accueillant et mise en confiance immediate,  logement agr\u00e9able et tout confort,  environnement ext\u00e9rieur magnifique\t\t\t\t<\/p>\r\n\t\t\t\t<a href=\"https:\/\/www.airbnb.fr\/rooms\/797901234829540892\" target=\"_blank\" rel=\"nofollow\"><img decoding=\"async\" src=\"https:\/\/www.lachapelle.eu\/boutique\/wp-content\/plugins\/wp-airbnb-review-slider\/public\/partials\/imgs\/airbnb_outline.png\" alt=\"\" class=\"wpairbnb_t1_airbnb_logo\"><\/a>\t\t\t<\/div><span class=\"wpairbnb_t1_A_8\"><img decoding=\"async\" src=\"https:\/\/a0.muscache.com\/im\/pictures\/user\/User-572605611\/original\/004df220-081f-4426-bc0c-731e08053420.jpeg?aki_policy=profile_x_medium\" alt=\"thumb\" class=\"wpairbnb_t1_IMG_4\" loading=\"lazy\" \/><\/span> <span class=\"wpairbnb_t1_SPAN_5 wprev_preview_tcolor2_T1\">Aurore<br\/><span class=\"wprev_showdate_T1\">8\/22\/2024<\/span> <\/span>\r\n\t\t<\/div>\r\n\t\t\t<div class=\"wpairbnb_t1_DIV_1 w3_wprs-col l4\">\r\n\t\t\t<div class=\"wpairbnb_t1_DIV_2 wprev_preview_bg1_T1 wprev_preview_bradius_T1\">\r\n\t\t\t\t<p class=\"wpairbnb_t1_P_3 wprev_preview_tcolor1_T1\">\r\n\t\t\t\t\t<span class=\"wpairbnb_star_imgs_T1\"><img decoding=\"async\" src=\"https:\/\/www.lachapelle.eu\/boutique\/wp-content\/plugins\/wp-airbnb-review-slider\/public\/partials\/imgs\/stars_5_yellow.png\" alt=\"\" class=\"wpairbnb_t1_star_img_file\">&nbsp;&nbsp;<\/span>charmant studio \u00e0 l'\u00e9tage acc\u00e8s ind\u00e9pendant <br \/>\ngrande pi\u00e8ce tout confort tr\u00e8s au calme hautesse tr\u00e8s accueillante\t\t\t\t<\/p>\r\n\t\t\t\t<a href=\"https:\/\/www.airbnb.fr\/rooms\/797901234829540892\" target=\"_blank\" rel=\"nofollow\"><img decoding=\"async\" src=\"https:\/\/www.lachapelle.eu\/boutique\/wp-content\/plugins\/wp-airbnb-review-slider\/public\/partials\/imgs\/airbnb_outline.png\" alt=\"\" class=\"wpairbnb_t1_airbnb_logo\"><\/a>\t\t\t<\/div><span class=\"wpairbnb_t1_A_8\"><img decoding=\"async\" src=\"https:\/\/a0.muscache.com\/im\/pictures\/user\/8f54ad58-f9f2-451d-abda-5c8c1c6601d6.jpg?aki_policy=profile_x_medium\" alt=\"thumb\" class=\"wpairbnb_t1_IMG_4\" loading=\"lazy\" \/><\/span> <span class=\"wpairbnb_t1_SPAN_5 wprev_preview_tcolor2_T1\">Piotr<br\/><span class=\"wprev_showdate_T1\">8\/20\/2024<\/span> <\/span>\r\n\t\t<\/div>\r\n\t\t\t<div class=\"wpairbnb_t1_DIV_1 w3_wprs-col l4\">\r\n\t\t\t<div class=\"wpairbnb_t1_DIV_2 wprev_preview_bg1_T1 wprev_preview_bradius_T1\">\r\n\t\t\t\t<p class=\"wpairbnb_t1_P_3 wprev_preview_tcolor1_T1\">\r\n\t\t\t\t\t<span class=\"wpairbnb_star_imgs_T1\"><img decoding=\"async\" src=\"https:\/\/www.lachapelle.eu\/boutique\/wp-content\/plugins\/wp-airbnb-review-slider\/public\/partials\/imgs\/stars_5_yellow.png\" alt=\"\" class=\"wpairbnb_t1_star_img_file\">&nbsp;&nbsp;<\/span>tr\u00e8s bel endroit.  Le logement est spacieux et bien \u00e9quip\u00e9. Nous recommandons\t\t\t\t<\/p>\r\n\t\t\t\t<a href=\"https:\/\/www.airbnb.fr\/rooms\/797901234829540892\" target=\"_blank\" rel=\"nofollow\"><img decoding=\"async\" src=\"https:\/\/www.lachapelle.eu\/boutique\/wp-content\/plugins\/wp-airbnb-review-slider\/public\/partials\/imgs\/airbnb_outline.png\" alt=\"\" class=\"wpairbnb_t1_airbnb_logo\"><\/a>\t\t\t<\/div><span class=\"wpairbnb_t1_A_8\"><img decoding=\"async\" src=\"https:\/\/a0.muscache.com\/im\/users\/23616561\/profile_pic\/1421610431\/original.jpg?aki_policy=profile_x_medium\" alt=\"thumb\" class=\"wpairbnb_t1_IMG_4\" loading=\"lazy\" \/><\/span> <span class=\"wpairbnb_t1_SPAN_5 wprev_preview_tcolor2_T1\">Christine<br\/><span class=\"wprev_showdate_T1\">8\/09\/2024<\/span> <\/span>\r\n\t\t<\/div>\r\n\t\t<\/div>\r\n\t\t<div class=\"wpairbnb_t1_outer_div w3_wprs-row-padding\">\r\n\t\t\t\t<div class=\"wpairbnb_t1_DIV_1 w3_wprs-col l4\">\r\n\t\t\t<div class=\"wpairbnb_t1_DIV_2 wprev_preview_bg1_T1 wprev_preview_bradius_T1\">\r\n\t\t\t\t<p class=\"wpairbnb_t1_P_3 wprev_preview_tcolor1_T1\">\r\n\t\t\t\t\t<span class=\"wpairbnb_star_imgs_T1\"><img decoding=\"async\" src=\"https:\/\/www.lachapelle.eu\/boutique\/wp-content\/plugins\/wp-airbnb-review-slider\/public\/partials\/imgs\/stars_5_yellow.png\" alt=\"\" class=\"wpairbnb_t1_star_img_file\">&nbsp;&nbsp;<\/span>Colette est une h\u00f4te tr\u00e8s accueillante. Le logement est super agr\u00e9able, lumineux et spacieux. Je recommande !\t\t\t\t<\/p>\r\n\t\t\t\t<a href=\"https:\/\/www.airbnb.fr\/rooms\/797901234829540892\" target=\"_blank\" rel=\"nofollow\"><img decoding=\"async\" src=\"https:\/\/www.lachapelle.eu\/boutique\/wp-content\/plugins\/wp-airbnb-review-slider\/public\/partials\/imgs\/airbnb_outline.png\" alt=\"\" class=\"wpairbnb_t1_airbnb_logo\"><\/a>\t\t\t<\/div><span class=\"wpairbnb_t1_A_8\"><img decoding=\"async\" src=\"https:\/\/a0.muscache.com\/defaults\/user_pic-225x225.png?v=3\" alt=\"thumb\" class=\"wpairbnb_t1_IMG_4\" loading=\"lazy\" \/><\/span> <span class=\"wpairbnb_t1_SPAN_5 wprev_preview_tcolor2_T1\">Emilie<br\/><span class=\"wprev_showdate_T1\">8\/04\/2024<\/span> <\/span>\r\n\t\t<\/div>\r\n\t\t\t<div class=\"wpairbnb_t1_DIV_1 w3_wprs-col l4\">\r\n\t\t\t<div class=\"wpairbnb_t1_DIV_2 wprev_preview_bg1_T1 wprev_preview_bradius_T1\">\r\n\t\t\t\t<p class=\"wpairbnb_t1_P_3 wprev_preview_tcolor1_T1\">\r\n\t\t\t\t\t<span class=\"wpairbnb_star_imgs_T1\"><img decoding=\"async\" src=\"https:\/\/www.lachapelle.eu\/boutique\/wp-content\/plugins\/wp-airbnb-review-slider\/public\/partials\/imgs\/stars_5_yellow.png\" alt=\"\" class=\"wpairbnb_t1_star_img_file\">&nbsp;&nbsp;<\/span>Je recommande sans h\u00e9sitation cette h\u00f4te et ce logement tr\u00e8s bien situ\u00e9 et au calme\t\t\t\t<\/p>\r\n\t\t\t\t<a href=\"https:\/\/www.airbnb.fr\/rooms\/797901234829540892\" target=\"_blank\" rel=\"nofollow\"><img decoding=\"async\" src=\"https:\/\/www.lachapelle.eu\/boutique\/wp-content\/plugins\/wp-airbnb-review-slider\/public\/partials\/imgs\/airbnb_outline.png\" alt=\"\" class=\"wpairbnb_t1_airbnb_logo\"><\/a>\t\t\t<\/div><span class=\"wpairbnb_t1_A_8\"><img decoding=\"async\" src=\"https:\/\/a0.muscache.com\/im\/pictures\/user\/a205af58-2be8-4111-85cd-3a90f8cb5ec6.jpg?aki_policy=profile_x_medium\" alt=\"thumb\" class=\"wpairbnb_t1_IMG_4\" loading=\"lazy\" \/><\/span> <span class=\"wpairbnb_t1_SPAN_5 wprev_preview_tcolor2_T1\">Martine<br\/><span class=\"wprev_showdate_T1\">7\/29\/2024<\/span> <\/span>\r\n\t\t<\/div>\r\n\t\t\t<div class=\"wpairbnb_t1_DIV_1 w3_wprs-col l4\">\r\n\t\t\t<div class=\"wpairbnb_t1_DIV_2 wprev_preview_bg1_T1 wprev_preview_bradius_T1\">\r\n\t\t\t\t<p class=\"wpairbnb_t1_P_3 wprev_preview_tcolor1_T1\">\r\n\t\t\t\t\t<span class=\"wpairbnb_star_imgs_T1\"><img decoding=\"async\" src=\"https:\/\/www.lachapelle.eu\/boutique\/wp-content\/plugins\/wp-airbnb-review-slider\/public\/partials\/imgs\/stars_5_yellow.png\" alt=\"\" class=\"wpairbnb_t1_star_img_file\">&nbsp;&nbsp;<\/span>.\t\t\t\t<\/p>\r\n\t\t\t\t<a href=\"https:\/\/www.airbnb.fr\/rooms\/797901234829540892\" target=\"_blank\" rel=\"nofollow\"><img decoding=\"async\" src=\"https:\/\/www.lachapelle.eu\/boutique\/wp-content\/plugins\/wp-airbnb-review-slider\/public\/partials\/imgs\/airbnb_outline.png\" alt=\"\" class=\"wpairbnb_t1_airbnb_logo\"><\/a>\t\t\t<\/div><span class=\"wpairbnb_t1_A_8\"><img decoding=\"async\" src=\"https:\/\/a0.muscache.com\/defaults\/user_pic-225x225.png?v=3\" alt=\"thumb\" class=\"wpairbnb_t1_IMG_4\" loading=\"lazy\" \/><\/span> <span class=\"wpairbnb_t1_SPAN_5 wprev_preview_tcolor2_T1\">Elodie<br\/><span class=\"wprev_showdate_T1\">7\/28\/2024<\/span> <\/span>\r\n\t\t<\/div>\r\n\t\t<\/div>\r\n<!-- This file should primarily consist of HTML with a little bit of PHP. -->\r\n<\/li><\/ul><\/div>\r\n\n\n\n\n","protected":false},"excerpt":{"rendered":"<p>Studio calme &amp; tranquille au 1er \u00e9tage d\u2019une ancienne ferme. La pi\u00e8ce de vie contient un coin repos &amp; coin repas ; sa vue donne sur la Chapelle. La kitchenette &hellip; <\/p>\n","protected":false},"author":1,"featured_media":0,"comment_status":"open","ping_status":"open","sticky":false,"template":"","format":"standard","meta":{"content-type":"","_jetpack_memberships_contains_paid_content":false,"footnotes":""},"categories":[35],"tags":[],"class_list":["post-313","post","type-post","status-publish","format-standard","hentry","category-location-saisonniere","latest_post"],"jetpack_featured_media_url":"","jetpack_sharing_enabled":true,"_links":{"self":[{"href":"https:\/\/www.lachapelle.eu\/boutique\/wp-json\/wp\/v2\/posts\/313","targetHints":{"allow":["GET"]}}],"collection":[{"href":"https:\/\/www.lachapelle.eu\/boutique\/wp-json\/wp\/v2\/posts"}],"about":[{"href":"https:\/\/www.lachapelle.eu\/boutique\/wp-json\/wp\/v2\/types\/post"}],"author":[{"embeddable":true,"href":"https:\/\/www.lachapelle.eu\/boutique\/wp-json\/wp\/v2\/users\/1"}],"replies":[{"embeddable":true,"href":"https:\/\/www.lachapelle.eu\/boutique\/wp-json\/wp\/v2\/comments?post=313"}],"version-history":[{"count":4,"href":"https:\/\/www.lachapelle.eu\/boutique\/wp-json\/wp\/v2\/posts\/313\/revisions"}],"predecessor-version":[{"id":2537,"href":"https:\/\/www.lachapelle.eu\/boutique\/wp-json\/wp\/v2\/posts\/313\/revisions\/2537"}],"wp:attachment":[{"href":"https:\/\/www.lachapelle.eu\/boutique\/wp-json\/wp\/v2\/media?parent=313"}],"wp:term":[{"taxonomy":"category","embeddable":true,"href":"https:\/\/www.lachapelle.eu\/boutique\/wp-json\/wp\/v2\/categories?post=313"},{"taxonomy":"post_tag","embeddable":true,"href":"https:\/\/www.lachapelle.eu\/boutique\/wp-json\/wp\/v2\/tags?post=313"}],"curies":[{"name":"wp","href":"https:\/\/api.w.org\/{rel}","templated":true}]}}